{"id":634,"date":"2015-12-04T23:04:42","date_gmt":"2015-12-04T22:04:42","guid":{"rendered":"http:\/\/www.noresbilverkstad.se\/?p=634"},"modified":"2015-12-07T11:40:03","modified_gmt":"2015-12-07T10:40:03","slug":"bestall-tid-nu-snart-ar-helgerna-har","status":"publish","type":"post","link":"https:\/\/www.noresbilverkstad.se\/?p=634","title":{"rendered":"Best\u00e4ll tid nu &#8211; snart \u00e4r helgerna h\u00e4r!"},"content":{"rendered":"<p><strong>S\u00e5 h\u00e4r har vi \u00f6ppet under storhelgerna!<\/strong><br \/>\n<a href=\"http:\/\/www.noresbilverkstad.se\/wp-content\/uploads\/2015\/11\/forester_900.jpg\"><img loading=\"lazy\" decoding=\"async\" class=\"alignright wp-image-616\" src=\"http:\/\/www.noresbilverkstad.se\/wp-content\/uploads\/2015\/11\/forester_900-300x200.jpg\" alt=\"\" width=\"200\" height=\"133\" srcset=\"https:\/\/www.noresbilverkstad.se\/wp-content\/uploads\/2015\/11\/forester_900-300x200.jpg 300w, https:\/\/www.noresbilverkstad.se\/wp-content\/uploads\/2015\/11\/forester_900-600x400.jpg 600w, https:\/\/www.noresbilverkstad.se\/wp-content\/uploads\/2015\/11\/forester_900.jpg 900w\" sizes=\"auto, (max-width: 200px) 85vw, 200px\" \/><\/a><br \/>\nV\u00e5ra \u00f6ppettider under jul- och ny\u00e5rshelgerna blir lite annorlunda:<\/p>\n<p style=\"text-align: left; padding-left: 30px;\">23\/12 \u2013 1\/1\u00a0 ST\u00c4NGT<br \/>\n4\/1 \u2013 5\/1\u00a0 \u00d6PPET<br \/>\n6\/1\u00a0 ST\u00c4NGT<br \/>\n7\/1 \u2013 8\/1\u00a0 \u00d6PPET<\/p>\n<p>\u00d6ppet som vanligt fr\u00e5n och med 11 januari 2016.<\/p>\n<p><a href=\"http:\/\/www.noresbilverkstad.se\/wp-content\/uploads\/2015\/11\/defa_kalix.jpg\"><img loading=\"lazy\" decoding=\"async\" class=\"alignright wp-image-628\" src=\"http:\/\/www.noresbilverkstad.se\/wp-content\/uploads\/2015\/11\/defa_kalix-300x158.jpg\" alt=\"Kup\u00e9v\u00e4rmare och kablage.\" width=\"200\" height=\"106\" srcset=\"https:\/\/www.noresbilverkstad.se\/wp-content\/uploads\/2015\/11\/defa_kalix-300x158.jpg 300w, https:\/\/www.noresbilverkstad.se\/wp-content\/uploads\/2015\/11\/defa_kalix.jpg 500w\" sizes=\"auto, (max-width: 200px) 85vw, 200px\" \/><\/a><\/p>\n<p>Gl\u00f6m inte best\u00e4lla service\/reparation i tid om du har behov av detta.<\/p>\n<p><strong>Gl\u00f6m heller inte v\u00e5ra\u00a0erbjudanden:<\/strong><br \/>\n<strong>20 % rabatt<\/strong> p\u00e5 hjulinst\u00e4llning fram till jul!<br \/>\nL\u00e4s mer <strong><a href=\"http:\/\/www.noresbilverkstad.se\/?p=614\">H\u00c4R<\/a><\/strong>.<br \/>\n<strong>20 % rabatt<\/strong> p\u00e5 elektrisk motorv\u00e4rmare. Montering tillkommer.<br \/>\nL\u00e4s mer <strong><a href=\"http:\/\/www.noresbilverkstad.se\/?p=626\">H\u00c4R<\/a><\/strong>.<\/p>\n<p>&nbsp;<\/p>\n<p>&nbsp;<\/p>\n<p>&nbsp;<\/p>\n<!-- AddThis Advanced Settings generic via filter on the_content --><!-- AddThis Share Buttons generic via filter on the_content -->","protected":false},"excerpt":{"rendered":"<p>S\u00e5 h\u00e4r har vi \u00f6ppet under storhelgerna! V\u00e5ra \u00f6ppettider under jul- och ny\u00e5rshelgerna blir lite annorlunda: 23\/12 \u2013 1\/1\u00a0 ST\u00c4NGT 4\/1 \u2013 5\/1\u00a0 \u00d6PPET 6\/1\u00a0 ST\u00c4NGT 7\/1 \u2013 8\/1\u00a0 \u00d6PPET \u00d6ppet som vanligt fr\u00e5n och med 11 januari 2016. Gl\u00f6m inte best\u00e4lla service\/reparation i tid om du har behov av detta. Gl\u00f6m heller inte v\u00e5ra\u00a0erbjudanden: &hellip; <a href=\"https:\/\/www.noresbilverkstad.se\/?p=634\" class=\"more-link\">Continue reading<span class=\"screen-reader-text\"> &#8221;Best\u00e4ll tid nu &#8211; snart \u00e4r helgerna h\u00e4r!&#8221;<\/span><\/a><!-- AddThis Advanced Settings generic via filter on wp_trim_excerpt --><!-- AddThis Share Buttons generic via filter on wp_trim_excerpt --><\/p>\n","protected":false},"author":1,"featured_media":628,"comment_status":"closed","ping_status":"open","sticky":false,"template":"","format":"standard","meta":{"footnotes":""},"categories":[1],"tags":[],"class_list":["post-634","post","type-post","status-publish","format-standard","has-post-thumbnail","hentry","category-okategoriserade"],"_links":{"self":[{"href":"https:\/\/www.noresbilverkstad.se\/index.php?rest_route=\/wp\/v2\/posts\/634","targetHints":{"allow":["GET"]}}],"collection":[{"href":"https:\/\/www.noresbilverkstad.se\/index.php?rest_route=\/wp\/v2\/posts"}],"about":[{"href":"https:\/\/www.noresbilverkstad.se\/index.php?rest_route=\/wp\/v2\/types\/post"}],"author":[{"embeddable":true,"href":"https:\/\/www.noresbilverkstad.se\/index.php?rest_route=\/wp\/v2\/users\/1"}],"replies":[{"embeddable":true,"href":"https:\/\/www.noresbilverkstad.se\/index.php?rest_route=%2Fwp%2Fv2%2Fcomments&post=634"}],"version-history":[{"count":13,"href":"https:\/\/www.noresbilverkstad.se\/index.php?rest_route=\/wp\/v2\/posts\/634\/revisions"}],"predecessor-version":[{"id":647,"href":"https:\/\/www.noresbilverkstad.se\/index.php?rest_route=\/wp\/v2\/posts\/634\/revisions\/647"}],"wp:featuredmedia":[{"embeddable":true,"href":"https:\/\/www.noresbilverkstad.se\/index.php?rest_route=\/wp\/v2\/media\/628"}],"wp:attachment":[{"href":"https:\/\/www.noresbilverkstad.se\/index.php?rest_route=%2Fwp%2Fv2%2Fmedia&parent=634"}],"wp:term":[{"taxonomy":"category","embeddable":true,"href":"https:\/\/www.noresbilverkstad.se\/index.php?rest_route=%2Fwp%2Fv2%2Fcategories&post=634"},{"taxonomy":"post_tag","embeddable":true,"href":"https:\/\/www.noresbilverkstad.se\/index.php?rest_route=%2Fwp%2Fv2%2Ftags&post=634"}],"curies":[{"name":"wp","href":"https:\/\/api.w.org\/{rel}","templated":true}]}}