{"id":546,"date":"2015-06-17T16:01:04","date_gmt":"2015-06-17T14:01:04","guid":{"rendered":"http:\/\/www.noresbilverkstad.se\/?p=546"},"modified":"2015-06-17T16:01:17","modified_gmt":"2015-06-17T14:01:17","slug":"semestertider","status":"publish","type":"post","link":"https:\/\/www.noresbilverkstad.se\/?p=546","title":{"rendered":"Semestertider!"},"content":{"rendered":"<p><strong><a href=\"http:\/\/www.noresbilverkstad.se\/wp-content\/uploads\/2015\/06\/sommar_pa_havet.jpg\"><img loading=\"lazy\" decoding=\"async\" class=\"alignright size-medium wp-image-548\" src=\"http:\/\/www.noresbilverkstad.se\/wp-content\/uploads\/2015\/06\/sommar_pa_havet-300x200.jpg\" alt=\"Sommar p\u00e5 havet.\" width=\"300\" height=\"200\" srcset=\"https:\/\/www.noresbilverkstad.se\/wp-content\/uploads\/2015\/06\/sommar_pa_havet-300x200.jpg 300w, https:\/\/www.noresbilverkstad.se\/wp-content\/uploads\/2015\/06\/sommar_pa_havet-600x400.jpg 600w, https:\/\/www.noresbilverkstad.se\/wp-content\/uploads\/2015\/06\/sommar_pa_havet.jpg 900w\" sizes=\"auto, (max-width: 300px) 85vw, 300px\" \/><\/a>Nu har sommaren \u00e4ntligen kommit och det b\u00f6rjar n\u00e4rma sig semestertider.<\/strong><\/p>\n<p>I \u00e5r\u00a0kommer vi att ha st\u00e4ngt f\u00f6r semester vecka\u00a030 \u2013 31, allts\u00e5 fr\u00e5n och med 20 juli t.o.m. 31 juli. Vi \u00f6ppnar igen m\u00e5ndag 3 augusti.<\/p>\n<p>Passa p\u00e5 redan idag att boka service eller reparation p\u00e5 Din bil innan vi st\u00e4nger f\u00f6r v\u00e5r semester, d\u00e5 v\u00e5ra tider g\u00e5r \u00e5t fort. Var \u00e4ven ute i god tid under \u00f6vriga veckor under sommaren d\u00e5 det brukar bli ont om plats i verkstaden.<\/p>\n<p>&nbsp;<\/p>\n<p>&nbsp;<\/p>\n<p>&nbsp;<\/p>\n<!-- AddThis Advanced Settings generic via filter on the_content --><!-- AddThis Share Buttons generic via filter on the_content -->","protected":false},"excerpt":{"rendered":"<p>Nu har sommaren \u00e4ntligen kommit och det b\u00f6rjar n\u00e4rma sig semestertider. I \u00e5r\u00a0kommer vi att ha st\u00e4ngt f\u00f6r semester vecka\u00a030 \u2013 31, allts\u00e5 fr\u00e5n och med 20 juli t.o.m. 31 juli. Vi \u00f6ppnar igen m\u00e5ndag 3 augusti. Passa p\u00e5 redan idag att boka service eller reparation p\u00e5 Din bil innan vi st\u00e4nger f\u00f6r v\u00e5r semester, &hellip; <a href=\"https:\/\/www.noresbilverkstad.se\/?p=546\" class=\"more-link\">Continue reading<span class=\"screen-reader-text\"> &#8221;Semestertider!&#8221;<\/span><\/a><!-- AddThis Advanced Settings generic via filter on wp_trim_excerpt --><!-- AddThis Share Buttons generic via filter on wp_trim_excerpt --><\/p>\n","protected":false},"author":1,"featured_media":548,"comment_status":"closed","ping_status":"open","sticky":false,"template":"","format":"standard","meta":{"footnotes":""},"categories":[1],"tags":[],"class_list":["post-546","post","type-post","status-publish","format-standard","has-post-thumbnail","hentry","category-okategoriserade"],"_links":{"self":[{"href":"https:\/\/www.noresbilverkstad.se\/index.php?rest_route=\/wp\/v2\/posts\/546","targetHints":{"allow":["GET"]}}],"collection":[{"href":"https:\/\/www.noresbilverkstad.se\/index.php?rest_route=\/wp\/v2\/posts"}],"about":[{"href":"https:\/\/www.noresbilverkstad.se\/index.php?rest_route=\/wp\/v2\/types\/post"}],"author":[{"embeddable":true,"href":"https:\/\/www.noresbilverkstad.se\/index.php?rest_route=\/wp\/v2\/users\/1"}],"replies":[{"embeddable":true,"href":"https:\/\/www.noresbilverkstad.se\/index.php?rest_route=%2Fwp%2Fv2%2Fcomments&post=546"}],"version-history":[{"count":4,"href":"https:\/\/www.noresbilverkstad.se\/index.php?rest_route=\/wp\/v2\/posts\/546\/revisions"}],"predecessor-version":[{"id":551,"href":"https:\/\/www.noresbilverkstad.se\/index.php?rest_route=\/wp\/v2\/posts\/546\/revisions\/551"}],"wp:featuredmedia":[{"embeddable":true,"href":"https:\/\/www.noresbilverkstad.se\/index.php?rest_route=\/wp\/v2\/media\/548"}],"wp:attachment":[{"href":"https:\/\/www.noresbilverkstad.se\/index.php?rest_route=%2Fwp%2Fv2%2Fmedia&parent=546"}],"wp:term":[{"taxonomy":"category","embeddable":true,"href":"https:\/\/www.noresbilverkstad.se\/index.php?rest_route=%2Fwp%2Fv2%2Fcategories&post=546"},{"taxonomy":"post_tag","embeddable":true,"href":"https:\/\/www.noresbilverkstad.se\/index.php?rest_route=%2Fwp%2Fv2%2Ftags&post=546"}],"curies":[{"name":"wp","href":"https:\/\/api.w.org\/{rel}","templated":true}]}}