{"id":435,"date":"2014-04-23T17:47:37","date_gmt":"2014-04-23T15:47:37","guid":{"rendered":"http:\/\/www.noresbilverkstad.se\/?p=435"},"modified":"2014-04-23T17:47:59","modified_gmt":"2014-04-23T15:47:59","slug":"nu-har-fastigheten-ett-mycket-fraschare-utseende","status":"publish","type":"post","link":"https:\/\/www.noresbilverkstad.se\/?p=435","title":{"rendered":"Nu har fastigheten ett mycket fr\u00e4schare utseende!"},"content":{"rendered":"<p><strong><a href=\"http:\/\/www.noresbilverkstad.se\/wp-content\/uploads\/2014\/04\/ext2.jpg\"><img loading=\"lazy\" decoding=\"async\" class=\"aligncenter wp-image-428\" src=\"http:\/\/www.noresbilverkstad.se\/wp-content\/uploads\/2014\/04\/ext2.jpg\" alt=\"Den nya fasaden\" width=\"590\" height=\"393\" srcset=\"https:\/\/www.noresbilverkstad.se\/wp-content\/uploads\/2014\/04\/ext2.jpg 900w, https:\/\/www.noresbilverkstad.se\/wp-content\/uploads\/2014\/04\/ext2-300x200.jpg 300w\" sizes=\"auto, (max-width: 590px) 85vw, 590px\" \/><\/a>Renoveringsarbetet med fasaden \u00e4r sedan en tid avslutat. Vi har f\u00e5tt b\u00e5de till\u00e4ggsisolering, b\u00e4ttre v\u00e4derbest\u00e4ndighet och ett mycket fr\u00e4schare utseende p\u00e5 k\u00f6pet.<\/strong><\/p>\n<p>Men inomhus i verkstaden \u00e4r det sig likt &#8211; d.v.s. utvecklingsarbetet av verksamheten forts\u00e4tter st\u00e4ndigt! F\u00f6r som vi g\u00e4rna h\u00e5ller med om och skriver under p\u00e5:<\/p>\n<ul>\n<li>F\u00f6rnyelse\u00a0medf\u00f6r f\u00f6rb\u00e4ttrade arbetsf\u00f6rh\u00e5llanden och utveckling av verksamheten.<\/li>\n<li>S\u00e4ger man d\u00e4remot &#8221;vi har det bra som det \u00e4r&#8230;&#8221; medf\u00f6r det p\u00e5 sikt avveckling. Det vill vi inte vara med om!<\/li>\n<\/ul>\n<!-- AddThis Advanced Settings generic via filter on the_content --><!-- AddThis Share Buttons generic via filter on the_content -->","protected":false},"excerpt":{"rendered":"<p>Renoveringsarbetet med fasaden \u00e4r sedan en tid avslutat. Vi har f\u00e5tt b\u00e5de till\u00e4ggsisolering, b\u00e4ttre v\u00e4derbest\u00e4ndighet och ett mycket fr\u00e4schare utseende p\u00e5 k\u00f6pet. Men inomhus i verkstaden \u00e4r det sig likt &#8211; d.v.s. utvecklingsarbetet av verksamheten forts\u00e4tter st\u00e4ndigt! F\u00f6r som vi g\u00e4rna h\u00e5ller med om och skriver under p\u00e5: F\u00f6rnyelse\u00a0medf\u00f6r f\u00f6rb\u00e4ttrade arbetsf\u00f6rh\u00e5llanden och utveckling av verksamheten. &hellip; <a href=\"https:\/\/www.noresbilverkstad.se\/?p=435\" class=\"more-link\">Continue reading<span class=\"screen-reader-text\"> &#8221;Nu har fastigheten ett mycket fr\u00e4schare utseende!&#8221;<\/span><\/a><!-- AddThis Advanced Settings generic via filter on wp_trim_excerpt --><!-- AddThis Share Buttons generic via filter on wp_trim_excerpt --><\/p>\n","protected":false},"author":1,"featured_media":428,"comment_status":"closed","ping_status":"open","sticky":false,"template":"","format":"standard","meta":{"footnotes":""},"categories":[1],"tags":[],"class_list":["post-435","post","type-post","status-publish","format-standard","has-post-thumbnail","hentry","category-okategoriserade"],"_links":{"self":[{"href":"https:\/\/www.noresbilverkstad.se\/index.php?rest_route=\/wp\/v2\/posts\/435","targetHints":{"allow":["GET"]}}],"collection":[{"href":"https:\/\/www.noresbilverkstad.se\/index.php?rest_route=\/wp\/v2\/posts"}],"about":[{"href":"https:\/\/www.noresbilverkstad.se\/index.php?rest_route=\/wp\/v2\/types\/post"}],"author":[{"embeddable":true,"href":"https:\/\/www.noresbilverkstad.se\/index.php?rest_route=\/wp\/v2\/users\/1"}],"replies":[{"embeddable":true,"href":"https:\/\/www.noresbilverkstad.se\/index.php?rest_route=%2Fwp%2Fv2%2Fcomments&post=435"}],"version-history":[{"count":1,"href":"https:\/\/www.noresbilverkstad.se\/index.php?rest_route=\/wp\/v2\/posts\/435\/revisions"}],"predecessor-version":[{"id":436,"href":"https:\/\/www.noresbilverkstad.se\/index.php?rest_route=\/wp\/v2\/posts\/435\/revisions\/436"}],"wp:featuredmedia":[{"embeddable":true,"href":"https:\/\/www.noresbilverkstad.se\/index.php?rest_route=\/wp\/v2\/media\/428"}],"wp:attachment":[{"href":"https:\/\/www.noresbilverkstad.se\/index.php?rest_route=%2Fwp%2Fv2%2Fmedia&parent=435"}],"wp:term":[{"taxonomy":"category","embeddable":true,"href":"https:\/\/www.noresbilverkstad.se\/index.php?rest_route=%2Fwp%2Fv2%2Fcategories&post=435"},{"taxonomy":"post_tag","embeddable":true,"href":"https:\/\/www.noresbilverkstad.se\/index.php?rest_route=%2Fwp%2Fv2%2Ftags&post=435"}],"curies":[{"name":"wp","href":"https:\/\/api.w.org\/{rel}","templated":true}]}}