{"id":1440,"date":"2025-07-07T10:02:00","date_gmt":"2025-07-07T08:02:00","guid":{"rendered":"https:\/\/www.noresbilverkstad.se\/?p=1440"},"modified":"2025-07-07T15:13:17","modified_gmt":"2025-07-07T13:13:17","slug":"semesterinfo-2","status":"publish","type":"post","link":"https:\/\/www.noresbilverkstad.se\/?p=1440","title":{"rendered":"Semesterinfo"},"content":{"rendered":"\n<h1 class=\"wp-block-heading\"><a href=\"https:\/\/www.noresbilverkstad.se\/wp-content\/uploads\/2021\/06\/outback_my21_1m4a7211.jpg\"><img loading=\"lazy\" decoding=\"async\" class=\"aligncenter wp-image-1441 size-large\" src=\"https:\/\/www.noresbilverkstad.se\/wp-content\/uploads\/2021\/06\/outback_my21_1m4a7211-1024x654.jpg\" alt=\"\" width=\"1024\" height=\"654\" srcset=\"https:\/\/www.noresbilverkstad.se\/wp-content\/uploads\/2021\/06\/outback_my21_1m4a7211-1024x654.jpg 1024w, https:\/\/www.noresbilverkstad.se\/wp-content\/uploads\/2021\/06\/outback_my21_1m4a7211-300x192.jpg 300w, https:\/\/www.noresbilverkstad.se\/wp-content\/uploads\/2021\/06\/outback_my21_1m4a7211-768x491.jpg 768w, https:\/\/www.noresbilverkstad.se\/wp-content\/uploads\/2021\/06\/outback_my21_1m4a7211-1536x982.jpg 1536w, https:\/\/www.noresbilverkstad.se\/wp-content\/uploads\/2021\/06\/outback_my21_1m4a7211-1320x844.jpg 1320w, https:\/\/www.noresbilverkstad.se\/wp-content\/uploads\/2021\/06\/outback_my21_1m4a7211.jpg 1920w\" sizes=\"auto, (max-width: 709px) 85vw, (max-width: 909px) 67vw, (max-width: 1362px) 62vw, 840px\" \/><\/a><\/h1>\n\n\n\n<h1 class=\"wp-block-heading has-black-color has-text-color has-link-color wp-elements-1\">Snart semestertider!<\/h1>\n\n\n\n<p class=\"has-text-align-left wp-block-paragraph\">Vi har nu planerat in v\u00e5r semester f\u00f6r i \u00e5r. Och vi har valt att st\u00e4nga verkstaden helt i 4 veckor som vi brukar. Veckor som \u00e4r ber\u00f6rda \u00e4r <strong>v.<\/strong> <strong>29 &#8211; 32<\/strong>.<\/p>\n\n\n\n<p class=\"has-text-align-left wp-block-paragraph\">Under dessa veckor n\u00e4r vi valt att ha st\u00e4ngt, vet vi om att m\u00e5nga bilar har sin <em><strong>servicem\u00e5nad<\/strong><\/em>,&nbsp;vi vill d\u00e4rf\u00f6r meddela er i god tid om st\u00e4ngningen s\u00e5 att ni har m\u00f6jlighet att planera in er service antingen <em><strong>f\u00f6re<\/strong><\/em> eller <em><strong>efter<\/strong> <\/em>v\u00e5r semester.<\/p>\n\n\n\n<hr class=\"wp-block-separator has-alpha-channel-opacity\" style=\"margin-top:var(--wp--preset--spacing--20);margin-bottom:var(--wp--preset--spacing--20)\"\/>\n\n\n\n<p class=\"has-text-align-left wp-block-paragraph\"><em>Vi kommer att ha v\u00e5r jourtelefon \u00f6ppen som vanligt f\u00f6r <strong>AKUTA&nbsp;<\/strong>\u00e4renden\/fr\u00e5gor under v\u00e5r semesterperiod. Peter ansvarar f\u00f6r jouren och telefonnumret du ringer under dessa veckor kommer att finnas p\u00e5 v\u00e5r telefonsvarare n\u00e4r du ringer 0522-37072.<\/em><\/p>\n<!-- AddThis Advanced Settings generic via filter on the_content --><!-- AddThis Share Buttons generic via filter on the_content -->","protected":false},"excerpt":{"rendered":"<p>Snart semestertider! Vi har nu planerat in v\u00e5r semester f\u00f6r i \u00e5r. Och vi har valt att st\u00e4nga verkstaden helt i 4 veckor som vi brukar. Veckor som \u00e4r ber\u00f6rda \u00e4r v. 29 &#8211; 32. Under dessa veckor n\u00e4r vi valt att ha st\u00e4ngt, vet vi om att m\u00e5nga bilar har sin servicem\u00e5nad,&nbsp;vi vill d\u00e4rf\u00f6r &hellip; <a href=\"https:\/\/www.noresbilverkstad.se\/?p=1440\" class=\"more-link\">Continue reading<span class=\"screen-reader-text\"> &#8221;Semesterinfo&#8221;<\/span><\/a><!-- AddThis Advanced Settings generic via filter on wp_trim_excerpt --><!-- AddThis Share Buttons generic via filter on wp_trim_excerpt --><\/p>\n","protected":false},"author":2,"featured_media":0,"comment_status":"closed","ping_status":"closed","sticky":false,"template":"","format":"standard","meta":{"footnotes":""},"categories":[1],"tags":[],"class_list":["post-1440","post","type-post","status-publish","format-standard","hentry","category-okategoriserade"],"_links":{"self":[{"href":"https:\/\/www.noresbilverkstad.se\/index.php?rest_route=\/wp\/v2\/posts\/1440","targetHints":{"allow":["GET"]}}],"collection":[{"href":"https:\/\/www.noresbilverkstad.se\/index.php?rest_route=\/wp\/v2\/posts"}],"about":[{"href":"https:\/\/www.noresbilverkstad.se\/index.php?rest_route=\/wp\/v2\/types\/post"}],"author":[{"embeddable":true,"href":"https:\/\/www.noresbilverkstad.se\/index.php?rest_route=\/wp\/v2\/users\/2"}],"replies":[{"embeddable":true,"href":"https:\/\/www.noresbilverkstad.se\/index.php?rest_route=%2Fwp%2Fv2%2Fcomments&post=1440"}],"version-history":[{"count":8,"href":"https:\/\/www.noresbilverkstad.se\/index.php?rest_route=\/wp\/v2\/posts\/1440\/revisions"}],"predecessor-version":[{"id":2093,"href":"https:\/\/www.noresbilverkstad.se\/index.php?rest_route=\/wp\/v2\/posts\/1440\/revisions\/2093"}],"wp:attachment":[{"href":"https:\/\/www.noresbilverkstad.se\/index.php?rest_route=%2Fwp%2Fv2%2Fmedia&parent=1440"}],"wp:term":[{"taxonomy":"category","embeddable":true,"href":"https:\/\/www.noresbilverkstad.se\/index.php?rest_route=%2Fwp%2Fv2%2Fcategories&post=1440"},{"taxonomy":"post_tag","embeddable":true,"href":"https:\/\/www.noresbilverkstad.se\/index.php?rest_route=%2Fwp%2Fv2%2Ftags&post=1440"}],"curies":[{"name":"wp","href":"https:\/\/api.w.org\/{rel}","templated":true}]}}