{"id":1294,"date":"2020-06-12T13:55:23","date_gmt":"2020-06-12T11:55:23","guid":{"rendered":"https:\/\/www.noresbilverkstad.se\/?p=1294"},"modified":"2020-06-12T14:23:24","modified_gmt":"2020-06-12T12:23:24","slug":"boka-tid-nu-semestern-ar-snart-har-2","status":"publish","type":"post","link":"https:\/\/www.noresbilverkstad.se\/?p=1294","title":{"rendered":"Boka tid nu &#8211; semestern \u00e4r snart h\u00e4r!"},"content":{"rendered":"<h1><a href=\"https:\/\/www.noresbilverkstad.se\/wp-content\/uploads\/2020\/06\/type-r.jpg\"><img loading=\"lazy\" decoding=\"async\" class=\"aligncenter wp-image-1295\" src=\"https:\/\/www.noresbilverkstad.se\/wp-content\/uploads\/2020\/06\/type-r-768x1024.jpg\" alt=\"\" width=\"444\" height=\"592\" srcset=\"https:\/\/www.noresbilverkstad.se\/wp-content\/uploads\/2020\/06\/type-r-768x1024.jpg 768w, https:\/\/www.noresbilverkstad.se\/wp-content\/uploads\/2020\/06\/type-r-225x300.jpg 225w, https:\/\/www.noresbilverkstad.se\/wp-content\/uploads\/2020\/06\/type-r-600x800.jpg 600w, https:\/\/www.noresbilverkstad.se\/wp-content\/uploads\/2020\/06\/type-r-1152x1536.jpg 1152w, https:\/\/www.noresbilverkstad.se\/wp-content\/uploads\/2020\/06\/type-r-1320x1760.jpg 1320w, https:\/\/www.noresbilverkstad.se\/wp-content\/uploads\/2020\/06\/type-r.jpg 1512w\" sizes=\"auto, (max-width: 444px) 85vw, 444px\" \/><\/a><\/h1>\n<h1 style=\"text-align: center;\">Snart semestertider!<\/h1>\n<p>&nbsp;<\/p>\n<p style=\"text-align: center;\">Vi har nu planerat in v\u00e5r semester f\u00f6r i \u00e5r. Och vi har valt att st\u00e4nga verkstaden helt i 4 veckor som vi brukar. Veckor som \u00e4r ber\u00f6rda \u00e4r <strong>v.<\/strong>\u00a0<strong>29 &#8211; 32<\/strong>.<\/p>\n<p style=\"text-align: center;\">Under dessa veckor n\u00e4r vi valt att ha st\u00e4ngt, vet vi om att m\u00e5nga bilar har sin <em><strong>servicem\u00e5nad<\/strong><\/em>,\u00a0vi vill d\u00e4rf\u00f6r meddela er i god tid om st\u00e4ngningen s\u00e5 att ni har m\u00f6jlighet att planera in er service antingen <em><strong>f\u00f6re<\/strong><\/em> eller <em><strong>efter<\/strong> <\/em>v\u00e5r semester.<\/p>\n<h4>___________________________________________________________________________<\/h4>\n<p>&nbsp;<\/p>\n<p style=\"text-align: center;\"><em>Vi kommer att ha v\u00e5r jourtelefon \u00f6ppen som vanligt f\u00f6r <strong>AKUTA\u00a0<\/strong>\u00e4renden\/fr\u00e5gor under v\u00e5r semesterperiod.<\/em><\/p>\n<p style=\"text-align: center;\"><em>Peter 070 &#8211; 664 54 12<\/em><\/p>\n<!-- AddThis Advanced Settings generic via filter on the_content --><!-- AddThis Share Buttons generic via filter on the_content -->","protected":false},"excerpt":{"rendered":"<p>Snart semestertider! &nbsp; Vi har nu planerat in v\u00e5r semester f\u00f6r i \u00e5r. Och vi har valt att st\u00e4nga verkstaden helt i 4 veckor som vi brukar. Veckor som \u00e4r ber\u00f6rda \u00e4r v.\u00a029 &#8211; 32. Under dessa veckor n\u00e4r vi valt att ha st\u00e4ngt, vet vi om att m\u00e5nga bilar har sin servicem\u00e5nad,\u00a0vi vill d\u00e4rf\u00f6r &hellip; <a href=\"https:\/\/www.noresbilverkstad.se\/?p=1294\" class=\"more-link\">Continue reading<span class=\"screen-reader-text\"> &#8221;Boka tid nu &#8211; semestern \u00e4r snart h\u00e4r!&#8221;<\/span><\/a><!-- AddThis Advanced Settings generic via filter on wp_trim_excerpt --><!-- AddThis Share Buttons generic via filter on wp_trim_excerpt --><\/p>\n","protected":false},"author":2,"featured_media":1298,"comment_status":"closed","ping_status":"closed","sticky":false,"template":"","format":"standard","meta":{"footnotes":""},"categories":[1],"tags":[],"class_list":["post-1294","post","type-post","status-publish","format-standard","has-post-thumbnail","hentry","category-okategoriserade"],"_links":{"self":[{"href":"https:\/\/www.noresbilverkstad.se\/index.php?rest_route=\/wp\/v2\/posts\/1294","targetHints":{"allow":["GET"]}}],"collection":[{"href":"https:\/\/www.noresbilverkstad.se\/index.php?rest_route=\/wp\/v2\/posts"}],"about":[{"href":"https:\/\/www.noresbilverkstad.se\/index.php?rest_route=\/wp\/v2\/types\/post"}],"author":[{"embeddable":true,"href":"https:\/\/www.noresbilverkstad.se\/index.php?rest_route=\/wp\/v2\/users\/2"}],"replies":[{"embeddable":true,"href":"https:\/\/www.noresbilverkstad.se\/index.php?rest_route=%2Fwp%2Fv2%2Fcomments&post=1294"}],"version-history":[{"count":2,"href":"https:\/\/www.noresbilverkstad.se\/index.php?rest_route=\/wp\/v2\/posts\/1294\/revisions"}],"predecessor-version":[{"id":1297,"href":"https:\/\/www.noresbilverkstad.se\/index.php?rest_route=\/wp\/v2\/posts\/1294\/revisions\/1297"}],"wp:featuredmedia":[{"embeddable":true,"href":"https:\/\/www.noresbilverkstad.se\/index.php?rest_route=\/wp\/v2\/media\/1298"}],"wp:attachment":[{"href":"https:\/\/www.noresbilverkstad.se\/index.php?rest_route=%2Fwp%2Fv2%2Fmedia&parent=1294"}],"wp:term":[{"taxonomy":"category","embeddable":true,"href":"https:\/\/www.noresbilverkstad.se\/index.php?rest_route=%2Fwp%2Fv2%2Fcategories&post=1294"},{"taxonomy":"post_tag","embeddable":true,"href":"https:\/\/www.noresbilverkstad.se\/index.php?rest_route=%2Fwp%2Fv2%2Ftags&post=1294"}],"curies":[{"name":"wp","href":"https:\/\/api.w.org\/{rel}","templated":true}]}}