{"id":1188,"date":"2018-06-21T10:32:51","date_gmt":"2018-06-21T08:32:51","guid":{"rendered":"https:\/\/www.noresbilverkstad.se\/?p=1188"},"modified":"2020-06-23T11:53:08","modified_gmt":"2020-06-23T09:53:08","slug":"boka-tid-nu-semestern-ar-snart-har","status":"publish","type":"post","link":"https:\/\/www.noresbilverkstad.se\/?p=1188","title":{"rendered":"Boka tid nu &#8211; semestern \u00e4r snart h\u00e4r!"},"content":{"rendered":"<h1 style=\"text-align: center;\">Snart semestertider!<\/h1>\n<p><a href=\"https:\/\/www.noresbilverkstad.se\/wp-content\/uploads\/2015\/11\/forester_900.jpg\"><img loading=\"lazy\" decoding=\"async\" class=\" wp-image-616\" src=\"https:\/\/www.noresbilverkstad.se\/wp-content\/uploads\/2015\/11\/forester_900.jpg\" alt=\"Subaru Forester.\" width=\"555\" height=\"370\" srcset=\"https:\/\/www.noresbilverkstad.se\/wp-content\/uploads\/2015\/11\/forester_900.jpg 900w, https:\/\/www.noresbilverkstad.se\/wp-content\/uploads\/2015\/11\/forester_900-300x200.jpg 300w, https:\/\/www.noresbilverkstad.se\/wp-content\/uploads\/2015\/11\/forester_900-600x400.jpg 600w\" sizes=\"auto, (max-width: 555px) 85vw, 555px\" \/><\/a><\/p>\n<p style=\"text-align: center;\">Vi har nu planerat in v\u00e5r semester f\u00f6r i \u00e5r. Och denna g\u00e5ng har vi valt att st\u00e4nga verkstaden helt i 4 veckor. Veckor som \u00e4r ber\u00f6rda \u00e4r <strong>v.<\/strong>\u00a0<strong>29 &#8211; 32<\/strong>.<\/p>\n<p style=\"text-align: center;\">Under dessa veckor n\u00e4r vi valt att ha st\u00e4ngt, vet vi om att m\u00e5nga bilar har sin <strong>servicem\u00e5nad<\/strong>,\u00a0vi vill d\u00e4rf\u00f6r meddela er i god tid om st\u00e4ngningen s\u00e5 att ni har m\u00f6jlighet att planera in er service antingen <strong>f\u00f6re<\/strong> eller <strong>efter<\/strong> v\u00e5r semester.<\/p>\n<h4>___________________________________________________________________________<\/h4>\n<p>&nbsp;<\/p>\n<p style=\"text-align: center;\"><em>Vi kommer att ha v\u00e5r jourtelefon \u00f6ppen som vanligt f\u00f6r <strong>AKUTA\u00a0<\/strong>\u00e4renden\/fr\u00e5gor under v\u00e5r semesterperiod.<\/em><\/p>\n<!-- AddThis Advanced Settings generic via filter on the_content --><!-- AddThis Share Buttons generic via filter on the_content -->","protected":false},"excerpt":{"rendered":"<p>Snart semestertider! Vi har nu planerat in v\u00e5r semester f\u00f6r i \u00e5r. Och denna g\u00e5ng har vi valt att st\u00e4nga verkstaden helt i 4 veckor. Veckor som \u00e4r ber\u00f6rda \u00e4r v.\u00a029 &#8211; 32. Under dessa veckor n\u00e4r vi valt att ha st\u00e4ngt, vet vi om att m\u00e5nga bilar har sin servicem\u00e5nad,\u00a0vi vill d\u00e4rf\u00f6r meddela er &hellip; <a href=\"https:\/\/www.noresbilverkstad.se\/?p=1188\" class=\"more-link\">Continue reading<span class=\"screen-reader-text\"> &#8221;Boka tid nu &#8211; semestern \u00e4r snart h\u00e4r!&#8221;<\/span><\/a><!-- AddThis Advanced Settings generic via filter on wp_trim_excerpt --><!-- AddThis Share Buttons generic via filter on wp_trim_excerpt --><\/p>\n","protected":false},"author":2,"featured_media":616,"comment_status":"closed","ping_status":"open","sticky":false,"template":"","format":"standard","meta":{"footnotes":""},"categories":[1],"tags":[],"class_list":["post-1188","post","type-post","status-publish","format-standard","has-post-thumbnail","hentry","category-okategoriserade"],"_links":{"self":[{"href":"https:\/\/www.noresbilverkstad.se\/index.php?rest_route=\/wp\/v2\/posts\/1188","targetHints":{"allow":["GET"]}}],"collection":[{"href":"https:\/\/www.noresbilverkstad.se\/index.php?rest_route=\/wp\/v2\/posts"}],"about":[{"href":"https:\/\/www.noresbilverkstad.se\/index.php?rest_route=\/wp\/v2\/types\/post"}],"author":[{"embeddable":true,"href":"https:\/\/www.noresbilverkstad.se\/index.php?rest_route=\/wp\/v2\/users\/2"}],"replies":[{"embeddable":true,"href":"https:\/\/www.noresbilverkstad.se\/index.php?rest_route=%2Fwp%2Fv2%2Fcomments&post=1188"}],"version-history":[{"count":7,"href":"https:\/\/www.noresbilverkstad.se\/index.php?rest_route=\/wp\/v2\/posts\/1188\/revisions"}],"predecessor-version":[{"id":1366,"href":"https:\/\/www.noresbilverkstad.se\/index.php?rest_route=\/wp\/v2\/posts\/1188\/revisions\/1366"}],"wp:featuredmedia":[{"embeddable":true,"href":"https:\/\/www.noresbilverkstad.se\/index.php?rest_route=\/wp\/v2\/media\/616"}],"wp:attachment":[{"href":"https:\/\/www.noresbilverkstad.se\/index.php?rest_route=%2Fwp%2Fv2%2Fmedia&parent=1188"}],"wp:term":[{"taxonomy":"category","embeddable":true,"href":"https:\/\/www.noresbilverkstad.se\/index.php?rest_route=%2Fwp%2Fv2%2Fcategories&post=1188"},{"taxonomy":"post_tag","embeddable":true,"href":"https:\/\/www.noresbilverkstad.se\/index.php?rest_route=%2Fwp%2Fv2%2Ftags&post=1188"}],"curies":[{"name":"wp","href":"https:\/\/api.w.org\/{rel}","templated":true}]}}